{"id":10312,"date":"2021-03-01T04:34:04","date_gmt":"2021-03-01T04:34:04","guid":{"rendered":"https:\/\/incredibletravelperu.com\/?p=241"},"modified":"2025-02-01T22:02:39","modified_gmt":"2025-02-01T22:02:39","slug":"biografia-do-inca-garcilaso-de-la-vega","status":"publish","type":"post","link":"https:\/\/incredibletravelperu.com\/pt-br\/blog\/biografia-do-inca-garcilaso-de-la-vega\/","title":{"rendered":"Biografia do Inca Garcilaso de la Vega"},"content":{"rendered":"\n<p>Cartas de Cusco.<\/p>\n\n\n\n<p>Com a espada e com a caneta.<\/p>\n\n\n\n<p>Conhecido universalmente como <strong>Inca Garcilaso de la Vega<\/strong>, tornou-se um s\u00edmbolo do Peru por sua condi\u00e7\u00e3o de mesti\u00e7o, <strong>filho de um conquistador espanhol e de uma princesa ind\u00edgena<\/strong>, mas sobretudo por sua famosa obra, <strong>os Coment\u00e1rios Reais dos Incas<\/strong> o que, apesar das obje\u00e7\u00f5es hist\u00f3ricas que s\u00e3o feitas atualmente, nos d\u00e1 a imagem mais duradoura, embora idealizada, da sociedade Inca.<\/p>\n\n\n\n<p>Garcilaso nasceu em Cusco em 12 de abril de 1539. Seu pai era o capit\u00e3o Sebastian Garcilaso de la Vega Vargas, de uma ilustre fam\u00edlia de Toledo, e sua m\u00e3e, \u00f1usta Chimpu Ocllo, que mais tarde adotou o nome crist\u00e3o de Isabel Su\u00e1rez. <strong>Foi batizado como G\u00f3mez Su\u00e1rez de Figueroa<\/strong> (usando um dos sobrenomes da linhagem paterna, segundo o costume da \u00e9poca), nome que manteve por muitos anos. Durante sua inf\u00e2ncia teve a oportunidade de ir \u00e0 corte de Sayri T\u00fapac, o Inca reconhecido pelos conquistadores e de lidar com muitos parentes maternos, que pertenciam \u00e0 mais ran\u00e7osa <strong>nobreza inca<\/strong>, portanto, ele foi uma testemunha direta, tamb\u00e9m por ouvir dizer , atrav\u00e9s das hist\u00f3rias de seus parentes, o <strong>decl\u00ednio do Tahuantinsuyo<\/strong>. A sua educa\u00e7\u00e3o esteve a cargo formalmente a cargo de maestros de espanhol, com quem <strong>aprendeu latinidade, hist\u00f3ria e doutrina crist\u00e3.<\/strong><\/p>\n\n\n\n<p>Em 1560, um ano ap\u00f3s a morte de seu pai, que se casou com uma espanhola em 1557, ele partiu para a Espanha para se educar. Embora tenha sido acolhido pela fam\u00edlia paterna, da linhagem do Marqu\u00eas de Priego, Garcilaso n\u00e3o deixar\u00e1 de sentir crua a sua condi\u00e7\u00e3o de filho natural.<\/p>\n\n\n\n<p>Por isso, e devido a necessidades econ\u00f4micas, logo ap\u00f3s sua chegada iniciar\u00e1 uma s\u00e9rie de longas negocia\u00e7\u00f5es perante a corte de Madrid para <strong>obter o reconhecimento de seus direitos como filho de um conquistador<\/strong>. Por\u00e9m, na apura\u00e7\u00e3o do processo, a conduta de seu pai durante as guerras civis foi questionada, <strong>e o Inca viu suas tentativas frustradas<\/strong>. Amargurado, ele pediu licen\u00e7a para voltar ao Peru, mas essa possibilidade tamb\u00e9m foi negada.<\/p>\n\n\n\n<p>Com muitos homens de sua \u00e9poca, <strong>ele vestiu o uniforme militar e lutou em Navarra e na It\u00e1lia<\/strong>. Al\u00e9m disso, em 1570, na guerra contra os rebeldes mouros nas montanhas Granada dos Alpujarras, <strong>quando obteve a patente de capit\u00e3o.<\/strong><\/p>\n\n\n\n<p>Separado do militar, sua vida ser\u00e1 voltada para o mundo das letras. Em 1590, apareceu em Madrid a tradu\u00e7\u00e3o do \u00edndio dos tr\u00eas di\u00e1logos de amor de Le\u00f3n Hebreo, seu primeiro livro. Seguiria, publicado em Lisboa em 1605, <strong>La Florida del Inca<\/strong>. Neste livro, que narra a expedi\u00e7\u00e3o de Hernando de Soto \u00e0 Am\u00e9rica do Norte, <strong>Garcilaso exercer\u00e1 a profiss\u00e3o de historiador e contador de hist\u00f3rias processando o depoimento de uma testemunha direta dos acontecimentos<\/strong>, o velho soldado Gonzalo Silvestre, tamb\u00e9m amigo e companheiro de seu pai em a conquista do Peru.<\/p>\n\n\n\n<p>Tamb\u00e9m em Lisboa, <strong>em 1609, foi publicada a primeira parte dos Coment\u00e1rios Reais dos Incas<\/strong>. Obra composta de novos livros, nela Garcilaso empreende uma tarefa de propor\u00e7\u00f5es enciclop\u00e9dicas, tra\u00e7ando a hist\u00f3ria dos Incas e descrevendo seus costumes. A sua vasta cultura renascentista \u00e9 o quadro que d\u00e1 sentido a uma vis\u00e3o din\u00e2mica da hist\u00f3ria, na qual a humanidade caminha para formas cada vez mais civilizadas, perspectiva que a permite, ao mesmo tempo que exalta as conquistas do imp\u00e9rio inca, justificando a conquista espanhola. \u00c9 imposs\u00edvel deixar de observar, por\u00e9m, que apesar de reconhecer, intelectualmente, a superioridade da cultura europ\u00e9ia, especialmente por ter contribu\u00eddo com a verdadeira religi\u00e3o, emocionalmente Garcilaso adere aos seus ancestrais maternos e faz de <strong>seu livro um louvor ardente \u00e0 grandeza inca<\/strong>. Alimentada pela nostalgia, a reda\u00e7\u00e3o dos Coment\u00e1rios reais \u00e9 baseada principalmente na mem\u00f3ria do autor e em sua capacidade de interpretar os testemunhos de primeira m\u00e3o que coletou de seus parentes ind\u00edgenas. No extra\u00f1a, por eso, que inicie el libro con la proclamaci\u00f3n de su conocimiento del quechua, dominio que le otorgar\u00eda ventaja sobre otros historiadores, que no comprendieron bien los vocablos que oyeron, pues, como extranjeros en aquella lengua, interpretaron fuera de la propiedad dela. Certamente, Garcilaso utilizou para seu trabalho todas as outras fontes de que dispunha, desde as impressas at\u00e9 as not\u00edcias dos viajantes rec\u00e9m-chegados das \u00cdndias, al\u00e9m daquelas que seus parentes de Cusco lhe enviaram a seu pedido.<\/p>\n\n\n\n<figure class=\"wp-block-pullquote\" style=\"border-color:#1271b5\"><blockquote><p><strong>A segunda parte dos Coment\u00e1rios reais foi publicada postumamente em C\u00f3rdoba em 1617<\/strong> com o nome de Historia General del Per\u00fa. Se no primeiro ele elogiou o Inca, neste ele contou a conquista e as guerras civis e reivindicou a mem\u00f3ria de seu pai.<\/p><\/blockquote><\/figure>\n\n\n\n<p>Na velhice teve algumas dificuldades financeiras, mas posso construir uma capela na Catedral de C\u00f3rdoba, onde pediu para saber. <strong>Morreu no hospital Clean Conception daquela cidade, em 23 de abril de 1616, coincidentemente no mesmo dia em que morreram Miguel de Cervantes e William Shakespeare<\/strong>. Em seu testamento, ele menciona um filho seu com uma possivelmente moura, mas em seu testamento espiritual ele abre sua mente para todos os peruanos. O afastamento do Peru, agora definitivamente fechado na volta, e a proximidade da morte aumentaram o anseio de Garcilaso e na dedica\u00e7\u00e3o da Hist\u00f3ria, talvez nas \u00faltimas linhas que escreveu, ele se dirige \u201cAos \u00edndios, mesti\u00e7os e renas e \u00e0s prov\u00edncias dos grandes e muito rico imp\u00e9rio do Peru, o Inca Garcilaso de la Vega, seu irm\u00e3o, compatriota e conterr\u00e2neo, sa\u00fade e felicidade.<\/p>\n\n\n\n<p>A frase, de perfeita simetria renascentista, relaciona as duas s\u00e9ries de substantivos: <strong>&#8220;\u00edndios&#8221; corresponde a &#8220;irm\u00e3o&#8221;, &#8220;mesti\u00e7os&#8221; ao compatriota<\/strong> &#8220;(isto \u00e9, de uma p\u00e1tria comum) <strong>e &#8220;Crioulos&#8221; ao compatriota<\/strong> (este \u00e9, nascido no mesmo pa\u00eds). N\u00e3o h\u00e1 d\u00favida de onde Garcilaso depositou seu cora\u00e7\u00e3o.<\/p>\n","protected":false},"excerpt":{"rendered":"<p>Cartas de Cusco. Com a espada e com a caneta. Conhecido universalmente como Inca Garcilaso de la Vega, tornou-se um s\u00edmbolo do Peru por sua condi\u00e7\u00e3o de mesti\u00e7o, filho de um conquistador espanhol e de uma princesa ind\u00edgena, mas sobretudo por sua famosa obra, os Coment\u00e1rios Reais dos Incas o que, apesar das obje\u00e7\u00f5es hist\u00f3ricas [&hellip;]<\/p>\n","protected":false},"author":1,"featured_media":10309,"comment_status":"open","ping_status":"open","sticky":false,"template":"","format":"standard","meta":{"footnotes":""},"categories":[11],"tags":[],"class_list":["post-10312","post","type-post","status-publish","format-standard","has-post-thumbnail","hentry","category-nao-categorizado"],"yoast_head":"<!-- This site is optimized with the Yoast SEO plugin v24.3 - https:\/\/yoast.com\/wordpress\/plugins\/seo\/ -->\n<title>Biografia do Inca Garcilaso de la Vega - Incredible Travel Peru<\/title>\n<meta name=\"robots\" content=\"index, follow, max-snippet:-1, max-image-preview:large, max-video-preview:-1\" \/>\n<link rel=\"canonical\" href=\"https:\/\/incredibletravelperu.com\/pt-br\/blog\/biografia-do-inca-garcilaso-de-la-vega\/\" \/>\n<meta property=\"og:locale\" content=\"pt_BR\" \/>\n<meta property=\"og:type\" content=\"article\" \/>\n<meta property=\"og:title\" content=\"Biografia do Inca Garcilaso de la Vega - Incredible Travel Peru\" \/>\n<meta property=\"og:description\" content=\"Cartas de Cusco. Com a espada e com a caneta. Conhecido universalmente como Inca Garcilaso de la Vega, tornou-se um s\u00edmbolo do Peru por sua condi\u00e7\u00e3o de mesti\u00e7o, filho de um conquistador espanhol e de uma princesa ind\u00edgena, mas sobretudo por sua famosa obra, os Coment\u00e1rios Reais dos Incas o que, apesar das obje\u00e7\u00f5es hist\u00f3ricas [&hellip;]\" \/>\n<meta property=\"og:url\" content=\"https:\/\/incredibletravelperu.com\/pt-br\/blog\/biografia-do-inca-garcilaso-de-la-vega\/\" \/>\n<meta property=\"og:site_name\" content=\"Incredible Travel Peru\" \/>\n<meta property=\"article:publisher\" content=\"https:\/\/www.facebook.com\/incredibletravel\/\" \/>\n<meta property=\"article:published_time\" content=\"2021-03-01T04:34:04+00:00\" \/>\n<meta property=\"article:modified_time\" content=\"2025-02-01T22:02:39+00:00\" \/>\n<meta property=\"og:image\" content=\"https:\/\/incredibletravelperu.com\/wp-content\/uploads\/2021\/02\/inca-garcilaso-de-la-vega.jpg\" \/>\n\t<meta property=\"og:image:width\" content=\"850\" \/>\n\t<meta property=\"og:image:height\" content=\"500\" \/>\n\t<meta property=\"og:image:type\" content=\"image\/jpeg\" \/>\n<meta name=\"author\" content=\"adintrape2020\" \/>\n<meta name=\"twitter:card\" content=\"summary_large_image\" \/>\n<meta name=\"twitter:creator\" content=\"@sientetuviaje\" \/>\n<meta name=\"twitter:site\" content=\"@sientetuviaje\" \/>\n<meta name=\"twitter:label1\" content=\"Escrito por\" \/>\n\t<meta name=\"twitter:data1\" content=\"adintrape2020\" \/>\n\t<meta name=\"twitter:label2\" content=\"Est. tempo de leitura\" \/>\n\t<meta name=\"twitter:data2\" content=\"5 minutos\" \/>\n<script type=\"application\/ld+json\" class=\"yoast-schema-graph\">{\"@context\":\"https:\/\/schema.org\",\"@graph\":[{\"@type\":\"Article\",\"@id\":\"https:\/\/incredibletravelperu.com\/pt-br\/blog\/biografia-do-inca-garcilaso-de-la-vega\/#article\",\"isPartOf\":{\"@id\":\"https:\/\/incredibletravelperu.com\/pt-br\/blog\/biografia-do-inca-garcilaso-de-la-vega\/\"},\"author\":{\"name\":\"adintrape2020\",\"@id\":\"https:\/\/incredibletravelperu.com\/#\/schema\/person\/9b4cad732d95d19d9c5a61684b24aa56\"},\"headline\":\"Biografia do Inca Garcilaso de la Vega\",\"datePublished\":\"2021-03-01T04:34:04+00:00\",\"dateModified\":\"2025-02-01T22:02:39+00:00\",\"mainEntityOfPage\":{\"@id\":\"https:\/\/incredibletravelperu.com\/pt-br\/blog\/biografia-do-inca-garcilaso-de-la-vega\/\"},\"wordCount\":1004,\"commentCount\":0,\"publisher\":{\"@id\":\"https:\/\/incredibletravelperu.com\/#organization\"},\"image\":{\"@id\":\"https:\/\/incredibletravelperu.com\/pt-br\/blog\/biografia-do-inca-garcilaso-de-la-vega\/#primaryimage\"},\"thumbnailUrl\":\"https:\/\/incredibletravelperu.com\/wp-content\/uploads\/2021\/02\/inca-garcilaso-de-la-vega.jpg\",\"articleSection\":[\"N\u00e3o categorizado\"],\"inLanguage\":\"pt-BR\",\"potentialAction\":[{\"@type\":\"CommentAction\",\"name\":\"Comment\",\"target\":[\"https:\/\/incredibletravelperu.com\/pt-br\/blog\/biografia-do-inca-garcilaso-de-la-vega\/#respond\"]}]},{\"@type\":\"WebPage\",\"@id\":\"https:\/\/incredibletravelperu.com\/pt-br\/blog\/biografia-do-inca-garcilaso-de-la-vega\/\",\"url\":\"https:\/\/incredibletravelperu.com\/pt-br\/blog\/biografia-do-inca-garcilaso-de-la-vega\/\",\"name\":\"Biografia do Inca Garcilaso de la Vega - Incredible Travel Peru\",\"isPartOf\":{\"@id\":\"https:\/\/incredibletravelperu.com\/#website\"},\"primaryImageOfPage\":{\"@id\":\"https:\/\/incredibletravelperu.com\/pt-br\/blog\/biografia-do-inca-garcilaso-de-la-vega\/#primaryimage\"},\"image\":{\"@id\":\"https:\/\/incredibletravelperu.com\/pt-br\/blog\/biografia-do-inca-garcilaso-de-la-vega\/#primaryimage\"},\"thumbnailUrl\":\"https:\/\/incredibletravelperu.com\/wp-content\/uploads\/2021\/02\/inca-garcilaso-de-la-vega.jpg\",\"datePublished\":\"2021-03-01T04:34:04+00:00\",\"dateModified\":\"2025-02-01T22:02:39+00:00\",\"breadcrumb\":{\"@id\":\"https:\/\/incredibletravelperu.com\/pt-br\/blog\/biografia-do-inca-garcilaso-de-la-vega\/#breadcrumb\"},\"inLanguage\":\"pt-BR\",\"potentialAction\":[{\"@type\":\"ReadAction\",\"target\":[\"https:\/\/incredibletravelperu.com\/pt-br\/blog\/biografia-do-inca-garcilaso-de-la-vega\/\"]}]},{\"@type\":\"ImageObject\",\"inLanguage\":\"pt-BR\",\"@id\":\"https:\/\/incredibletravelperu.com\/pt-br\/blog\/biografia-do-inca-garcilaso-de-la-vega\/#primaryimage\",\"url\":\"https:\/\/incredibletravelperu.com\/wp-content\/uploads\/2021\/02\/inca-garcilaso-de-la-vega.jpg\",\"contentUrl\":\"https:\/\/incredibletravelperu.com\/wp-content\/uploads\/2021\/02\/inca-garcilaso-de-la-vega.jpg\",\"width\":850,\"height\":500},{\"@type\":\"BreadcrumbList\",\"@id\":\"https:\/\/incredibletravelperu.com\/pt-br\/blog\/biografia-do-inca-garcilaso-de-la-vega\/#breadcrumb\",\"itemListElement\":[{\"@type\":\"ListItem\",\"position\":1,\"name\":\"Home\",\"item\":\"https:\/\/incredibletravelperu.com\/pt-br\/\"},{\"@type\":\"ListItem\",\"position\":2,\"name\":\"Biografia do Inca Garcilaso de la Vega\"}]},{\"@type\":\"WebSite\",\"@id\":\"https:\/\/incredibletravelperu.com\/#website\",\"url\":\"https:\/\/incredibletravelperu.com\/\",\"name\":\"Incredible Travel Peru\",\"description\":\"Tours, programas a Per\u00fa y Machu Picchu\",\"publisher\":{\"@id\":\"https:\/\/incredibletravelperu.com\/#organization\"},\"potentialAction\":[{\"@type\":\"SearchAction\",\"target\":{\"@type\":\"EntryPoint\",\"urlTemplate\":\"https:\/\/incredibletravelperu.com\/?s={search_term_string}\"},\"query-input\":{\"@type\":\"PropertyValueSpecification\",\"valueRequired\":true,\"valueName\":\"search_term_string\"}}],\"inLanguage\":\"pt-BR\"},{\"@type\":\"Organization\",\"@id\":\"https:\/\/incredibletravelperu.com\/#organization\",\"name\":\"Incredible Travel Peru\",\"url\":\"https:\/\/incredibletravelperu.com\/\",\"logo\":{\"@type\":\"ImageObject\",\"inLanguage\":\"pt-BR\",\"@id\":\"https:\/\/incredibletravelperu.com\/#\/schema\/logo\/image\/\",\"url\":\"https:\/\/incredibletravelperu.com\/wp-content\/uploads\/2020\/05\/logo-incredible-cuatro.png\",\"contentUrl\":\"https:\/\/incredibletravelperu.com\/wp-content\/uploads\/2020\/05\/logo-incredible-cuatro.png\",\"width\":727,\"height\":290,\"caption\":\"Incredible Travel Peru\"},\"image\":{\"@id\":\"https:\/\/incredibletravelperu.com\/#\/schema\/logo\/image\/\"},\"sameAs\":[\"https:\/\/www.facebook.com\/incredibletravel\/\",\"https:\/\/x.com\/sientetuviaje\",\"https:\/\/www.instagram.com\/incredibletravelperu\/?hl=es\",\"https:\/\/www.linkedin.com\/company\/incredible-travel-peru\",\"https:\/\/myspace.com\/incredible.travel\",\"https:\/\/www.pinterest.es\/incredibletravel\/\",\"https:\/\/www.youtube.com\/channel\/UClSENsgEehEz6GbHvYp-gcg\"]},{\"@type\":\"Person\",\"@id\":\"https:\/\/incredibletravelperu.com\/#\/schema\/person\/9b4cad732d95d19d9c5a61684b24aa56\",\"name\":\"adintrape2020\",\"image\":{\"@type\":\"ImageObject\",\"inLanguage\":\"pt-BR\",\"@id\":\"https:\/\/incredibletravelperu.com\/#\/schema\/person\/image\/\",\"url\":\"https:\/\/secure.gravatar.com\/avatar\/4c7ae86035c19068aff01d1cf39a65fff2cba200629638818413d04c7e592bad?s=96&d=mm&r=g\",\"contentUrl\":\"https:\/\/secure.gravatar.com\/avatar\/4c7ae86035c19068aff01d1cf39a65fff2cba200629638818413d04c7e592bad?s=96&d=mm&r=g\",\"caption\":\"adintrape2020\"},\"url\":\"https:\/\/incredibletravelperu.com\/pt-br\/blog\/author\/adintrape2020\/\"}]}<\/script>\n<!-- \/ Yoast SEO plugin. -->","yoast_head_json":{"title":"Biografia do Inca Garcilaso de la Vega - Incredible Travel Peru","robots":{"index":"index","follow":"follow","max-snippet":"max-snippet:-1","max-image-preview":"max-image-preview:large","max-video-preview":"max-video-preview:-1"},"canonical":"https:\/\/incredibletravelperu.com\/pt-br\/blog\/biografia-do-inca-garcilaso-de-la-vega\/","og_locale":"pt_BR","og_type":"article","og_title":"Biografia do Inca Garcilaso de la Vega - Incredible Travel Peru","og_description":"Cartas de Cusco. Com a espada e com a caneta. Conhecido universalmente como Inca Garcilaso de la Vega, tornou-se um s\u00edmbolo do Peru por sua condi\u00e7\u00e3o de mesti\u00e7o, filho de um conquistador espanhol e de uma princesa ind\u00edgena, mas sobretudo por sua famosa obra, os Coment\u00e1rios Reais dos Incas o que, apesar das obje\u00e7\u00f5es hist\u00f3ricas [&hellip;]","og_url":"https:\/\/incredibletravelperu.com\/pt-br\/blog\/biografia-do-inca-garcilaso-de-la-vega\/","og_site_name":"Incredible Travel Peru","article_publisher":"https:\/\/www.facebook.com\/incredibletravel\/","article_published_time":"2021-03-01T04:34:04+00:00","article_modified_time":"2025-02-01T22:02:39+00:00","og_image":[{"width":850,"height":500,"url":"https:\/\/incredibletravelperu.com\/wp-content\/uploads\/2021\/02\/inca-garcilaso-de-la-vega.jpg","type":"image\/jpeg"}],"author":"adintrape2020","twitter_card":"summary_large_image","twitter_creator":"@sientetuviaje","twitter_site":"@sientetuviaje","twitter_misc":{"Escrito por":"adintrape2020","Est. tempo de leitura":"5 minutos"},"schema":{"@context":"https:\/\/schema.org","@graph":[{"@type":"Article","@id":"https:\/\/incredibletravelperu.com\/pt-br\/blog\/biografia-do-inca-garcilaso-de-la-vega\/#article","isPartOf":{"@id":"https:\/\/incredibletravelperu.com\/pt-br\/blog\/biografia-do-inca-garcilaso-de-la-vega\/"},"author":{"name":"adintrape2020","@id":"https:\/\/incredibletravelperu.com\/#\/schema\/person\/9b4cad732d95d19d9c5a61684b24aa56"},"headline":"Biografia do Inca Garcilaso de la Vega","datePublished":"2021-03-01T04:34:04+00:00","dateModified":"2025-02-01T22:02:39+00:00","mainEntityOfPage":{"@id":"https:\/\/incredibletravelperu.com\/pt-br\/blog\/biografia-do-inca-garcilaso-de-la-vega\/"},"wordCount":1004,"commentCount":0,"publisher":{"@id":"https:\/\/incredibletravelperu.com\/#organization"},"image":{"@id":"https:\/\/incredibletravelperu.com\/pt-br\/blog\/biografia-do-inca-garcilaso-de-la-vega\/#primaryimage"},"thumbnailUrl":"https:\/\/incredibletravelperu.com\/wp-content\/uploads\/2021\/02\/inca-garcilaso-de-la-vega.jpg","articleSection":["N\u00e3o categorizado"],"inLanguage":"pt-BR","potentialAction":[{"@type":"CommentAction","name":"Comment","target":["https:\/\/incredibletravelperu.com\/pt-br\/blog\/biografia-do-inca-garcilaso-de-la-vega\/#respond"]}]},{"@type":"WebPage","@id":"https:\/\/incredibletravelperu.com\/pt-br\/blog\/biografia-do-inca-garcilaso-de-la-vega\/","url":"https:\/\/incredibletravelperu.com\/pt-br\/blog\/biografia-do-inca-garcilaso-de-la-vega\/","name":"Biografia do Inca Garcilaso de la Vega - Incredible Travel Peru","isPartOf":{"@id":"https:\/\/incredibletravelperu.com\/#website"},"primaryImageOfPage":{"@id":"https:\/\/incredibletravelperu.com\/pt-br\/blog\/biografia-do-inca-garcilaso-de-la-vega\/#primaryimage"},"image":{"@id":"https:\/\/incredibletravelperu.com\/pt-br\/blog\/biografia-do-inca-garcilaso-de-la-vega\/#primaryimage"},"thumbnailUrl":"https:\/\/incredibletravelperu.com\/wp-content\/uploads\/2021\/02\/inca-garcilaso-de-la-vega.jpg","datePublished":"2021-03-01T04:34:04+00:00","dateModified":"2025-02-01T22:02:39+00:00","breadcrumb":{"@id":"https:\/\/incredibletravelperu.com\/pt-br\/blog\/biografia-do-inca-garcilaso-de-la-vega\/#breadcrumb"},"inLanguage":"pt-BR","potentialAction":[{"@type":"ReadAction","target":["https:\/\/incredibletravelperu.com\/pt-br\/blog\/biografia-do-inca-garcilaso-de-la-vega\/"]}]},{"@type":"ImageObject","inLanguage":"pt-BR","@id":"https:\/\/incredibletravelperu.com\/pt-br\/blog\/biografia-do-inca-garcilaso-de-la-vega\/#primaryimage","url":"https:\/\/incredibletravelperu.com\/wp-content\/uploads\/2021\/02\/inca-garcilaso-de-la-vega.jpg","contentUrl":"https:\/\/incredibletravelperu.com\/wp-content\/uploads\/2021\/02\/inca-garcilaso-de-la-vega.jpg","width":850,"height":500},{"@type":"BreadcrumbList","@id":"https:\/\/incredibletravelperu.com\/pt-br\/blog\/biografia-do-inca-garcilaso-de-la-vega\/#breadcrumb","itemListElement":[{"@type":"ListItem","position":1,"name":"Home","item":"https:\/\/incredibletravelperu.com\/pt-br\/"},{"@type":"ListItem","position":2,"name":"Biografia do Inca Garcilaso de la Vega"}]},{"@type":"WebSite","@id":"https:\/\/incredibletravelperu.com\/#website","url":"https:\/\/incredibletravelperu.com\/","name":"Incredible Travel Peru","description":"Tours, programas a Per\u00fa y Machu Picchu","publisher":{"@id":"https:\/\/incredibletravelperu.com\/#organization"},"potentialAction":[{"@type":"SearchAction","target":{"@type":"EntryPoint","urlTemplate":"https:\/\/incredibletravelperu.com\/?s={search_term_string}"},"query-input":{"@type":"PropertyValueSpecification","valueRequired":true,"valueName":"search_term_string"}}],"inLanguage":"pt-BR"},{"@type":"Organization","@id":"https:\/\/incredibletravelperu.com\/#organization","name":"Incredible Travel Peru","url":"https:\/\/incredibletravelperu.com\/","logo":{"@type":"ImageObject","inLanguage":"pt-BR","@id":"https:\/\/incredibletravelperu.com\/#\/schema\/logo\/image\/","url":"https:\/\/incredibletravelperu.com\/wp-content\/uploads\/2020\/05\/logo-incredible-cuatro.png","contentUrl":"https:\/\/incredibletravelperu.com\/wp-content\/uploads\/2020\/05\/logo-incredible-cuatro.png","width":727,"height":290,"caption":"Incredible Travel Peru"},"image":{"@id":"https:\/\/incredibletravelperu.com\/#\/schema\/logo\/image\/"},"sameAs":["https:\/\/www.facebook.com\/incredibletravel\/","https:\/\/x.com\/sientetuviaje","https:\/\/www.instagram.com\/incredibletravelperu\/?hl=es","https:\/\/www.linkedin.com\/company\/incredible-travel-peru","https:\/\/myspace.com\/incredible.travel","https:\/\/www.pinterest.es\/incredibletravel\/","https:\/\/www.youtube.com\/channel\/UClSENsgEehEz6GbHvYp-gcg"]},{"@type":"Person","@id":"https:\/\/incredibletravelperu.com\/#\/schema\/person\/9b4cad732d95d19d9c5a61684b24aa56","name":"adintrape2020","image":{"@type":"ImageObject","inLanguage":"pt-BR","@id":"https:\/\/incredibletravelperu.com\/#\/schema\/person\/image\/","url":"https:\/\/secure.gravatar.com\/avatar\/4c7ae86035c19068aff01d1cf39a65fff2cba200629638818413d04c7e592bad?s=96&d=mm&r=g","contentUrl":"https:\/\/secure.gravatar.com\/avatar\/4c7ae86035c19068aff01d1cf39a65fff2cba200629638818413d04c7e592bad?s=96&d=mm&r=g","caption":"adintrape2020"},"url":"https:\/\/incredibletravelperu.com\/pt-br\/blog\/author\/adintrape2020\/"}]}},"_links":{"self":[{"href":"https:\/\/incredibletravelperu.com\/pt-br\/wp-json\/wp\/v2\/posts\/10312","targetHints":{"allow":["GET"]}}],"collection":[{"href":"https:\/\/incredibletravelperu.com\/pt-br\/wp-json\/wp\/v2\/posts"}],"about":[{"href":"https:\/\/incredibletravelperu.com\/pt-br\/wp-json\/wp\/v2\/types\/post"}],"author":[{"embeddable":true,"href":"https:\/\/incredibletravelperu.com\/pt-br\/wp-json\/wp\/v2\/users\/1"}],"replies":[{"embeddable":true,"href":"https:\/\/incredibletravelperu.com\/pt-br\/wp-json\/wp\/v2\/comments?post=10312"}],"version-history":[{"count":1,"href":"https:\/\/incredibletravelperu.com\/pt-br\/wp-json\/wp\/v2\/posts\/10312\/revisions"}],"predecessor-version":[{"id":10342,"href":"https:\/\/incredibletravelperu.com\/pt-br\/wp-json\/wp\/v2\/posts\/10312\/revisions\/10342"}],"wp:featuredmedia":[{"embeddable":true,"href":"https:\/\/incredibletravelperu.com\/pt-br\/wp-json\/wp\/v2\/media\/10309"}],"wp:attachment":[{"href":"https:\/\/incredibletravelperu.com\/pt-br\/wp-json\/wp\/v2\/media?parent=10312"}],"wp:term":[{"taxonomy":"category","embeddable":true,"href":"https:\/\/incredibletravelperu.com\/pt-br\/wp-json\/wp\/v2\/categories?post=10312"},{"taxonomy":"post_tag","embeddable":true,"href":"https:\/\/incredibletravelperu.com\/pt-br\/wp-json\/wp\/v2\/tags?post=10312"}],"curies":[{"name":"wp","href":"https:\/\/api.w.org\/{rel}","templated":true}]}}